{"id":489,"date":"2026-09-01T18:17:10","date_gmt":"2026-09-01T16:17:10","guid":{"rendered":"https:\/\/tango-de-la-bahia.fr\/?p=489"},"modified":"2026-09-01T18:27:44","modified_gmt":"2026-09-01T16:27:44","slug":"programme-de-rentree","status":"publish","type":"post","link":"https:\/\/tango-de-la-bahia.fr\/index.php\/2026\/09\/01\/programme-de-rentree\/","title":{"rendered":"Programme de rentr\u00e9e"},"content":{"rendered":"\n<p>En cette rentr\u00e9e 2026, c&rsquo;est un superbe programme tango vous attend \u00e0 Saint-brieuc, avec : <\/p>\n\n\n\n<p>\ud83d\udc60 La reprise des pratiques les lundis et vendredis \u00e0 partir du 14 septembre au Dojo<\/p>\n\n\n\n<p>\ud83d\udc60 D\u00e9but des cours avec les r\u00e9p\u00e9titeurs, le mercredi 16 septembre. <br>18h30 : initiation et accueil des nouveaux.<br>19h30 : r\u00e9union d&rsquo;information ouverte \u00e0 tous sur la saison26\/27, pr\u00e9sence fortement souhait\u00e9e.<br>Milonguita pour finir la soir\u00e9e.<br><br>\ud83d\udc60 La reprise des cours avec Marinette le 23 septembre (cours d&rsquo;essai)  aux horaires habituels<\/p>\n\n\n\n<p>Et pour suivre l&rsquo;agenda complet sur toute l&rsquo;ann\u00e9e, c&rsquo;est <a href=\"https:\/\/tango-de-la-bahia.fr\/index.php\/tango-de-la-bahia\/agenda\/\" title=\"Agenda 2026\/2027\">ici<\/a><br><\/p>\n\n\n\n<figure class=\"wp-block-image size-large\"><img loading=\"lazy\" decoding=\"async\" width=\"819\" height=\"1024\" src=\"https:\/\/tango-de-la-bahia.fr\/wp-content\/uploads\/2026\/09\/WhatsApp-Image-2026-09-01-at-12.15.15-819x1024.jpeg\" alt=\"\" class=\"wp-image-490\" srcset=\"https:\/\/tango-de-la-bahia.fr\/wp-content\/uploads\/2026\/09\/WhatsApp-Image-2026-09-01-at-12.15.15-819x1024.jpeg 819w, https:\/\/tango-de-la-bahia.fr\/wp-content\/uploads\/2026\/09\/WhatsApp-Image-2026-09-01-at-12.15.15-240x300.jpeg 240w, https:\/\/tango-de-la-bahia.fr\/wp-content\/uploads\/2026\/09\/WhatsApp-Image-2026-09-01-at-12.15.15-768x960.jpeg 768w, https:\/\/tango-de-la-bahia.fr\/wp-content\/uploads\/2026\/09\/WhatsApp-Image-2026-09-01-at-12.15.15.jpeg 1024w\" sizes=\"auto, (max-width: 819px) 100vw, 819px\" \/><\/figure>\n","protected":false},"excerpt":{"rendered":"<p>En cette rentr\u00e9e 2026, c&rsquo;est un superbe programme tango vous attend \u00e0 Saint-brieuc, avec : \ud83d\udc60 La reprise des pratiques les lundis et vendredis \u00e0 partir du 14 septembre au Dojo \ud83d\udc60 D\u00e9but des cours avec les r\u00e9p\u00e9titeurs, le mercredi 16 septembre. 18h30 : initiation et accueil des nouveaux.19h30 : r\u00e9union d&rsquo;information ouverte \u00e0 tous [&hellip;]<\/p>\n","protected":false},"author":1,"featured_media":0,"comment_status":"closed","ping_status":"open","sticky":false,"template":"","format":"standard","meta":{"footnotes":""},"categories":[1],"tags":[],"class_list":["post-489","post","type-post","status-publish","format-standard","hentry","category-non-classe"],"aioseo_notices":[],"aioseo_head":"\n\t\t<!-- All in One SEO 4.9.9 - aioseo.com -->\n\t<meta name=\"description\" content=\"En cette rentr\u00e9e 2026, c&#039;est un superbe programme tango vous attend \u00e0 Saint-brieuc, avec : \ud83d\udc60 La reprise des pratiques les lundis et vendredis \u00e0 partir du 14 septembre au Dojo \ud83d\udc60 D\u00e9but des cours avec les r\u00e9p\u00e9titeurs, le mercredi 16 septembre. 18h30 : initiation et accueil des nouveaux.19h30 : r\u00e9union d&#039;information ouverte \u00e0 tous\" \/>\n\t<meta name=\"robots\" content=\"max-image-preview:large\" \/>\n\t<meta name=\"author\" content=\"Julien\"\/>\n\t<meta name=\"google-site-verification\" content=\"wqf6945MuEiaARhv0MDJx7Qln1oCK5zCiagpIRqG7GY\" \/>\n\t<link rel=\"canonical\" href=\"https:\/\/tango-de-la-bahia.fr\/index.php\/2026\/09\/01\/programme-de-rentree\/\" \/>\n\t<meta name=\"generator\" content=\"All in One SEO (AIOSEO) 4.9.9\" \/>\n\t\t<meta property=\"og:locale\" content=\"fr_FR\" \/>\n\t\t<meta property=\"og:site_name\" content=\"- Partagez notre passion pour le Tango Argentin \u00e0 Saint-Brieuc (22)\" \/>\n\t\t<meta property=\"og:type\" content=\"article\" \/>\n\t\t<meta property=\"og:title\" content=\"Programme de rentr\u00e9e -\" \/>\n\t\t<meta property=\"og:description\" content=\"En cette rentr\u00e9e 2026, c&#039;est un superbe programme tango vous attend \u00e0 Saint-brieuc, avec : \ud83d\udc60 La reprise des pratiques les lundis et vendredis \u00e0 partir du 14 septembre au Dojo \ud83d\udc60 D\u00e9but des cours avec les r\u00e9p\u00e9titeurs, le mercredi 16 septembre. 18h30 : initiation et accueil des nouveaux.19h30 : r\u00e9union d&#039;information ouverte \u00e0 tous\" \/>\n\t\t<meta property=\"og:url\" content=\"https:\/\/tango-de-la-bahia.fr\/index.php\/2026\/09\/01\/programme-de-rentree\/\" \/>\n\t\t<meta property=\"article:published_time\" content=\"2026-09-01T16:17:10+00:00\" \/>\n\t\t<meta property=\"article:modified_time\" content=\"2026-09-01T16:27:44+00:00\" \/>\n\t\t<meta property=\"article:publisher\" content=\"https:\/\/www.facebook.com\/profile.php?id=100070012813359\" \/>\n\t\t<meta name=\"twitter:card\" content=\"summary_large_image\" \/>\n\t\t<meta name=\"twitter:title\" content=\"Programme de rentr\u00e9e -\" \/>\n\t\t<meta name=\"twitter:description\" content=\"En cette rentr\u00e9e 2026, c&#039;est un superbe programme tango vous attend \u00e0 Saint-brieuc, avec : \ud83d\udc60 La reprise des pratiques les lundis et vendredis \u00e0 partir du 14 septembre au Dojo \ud83d\udc60 D\u00e9but des cours avec les r\u00e9p\u00e9titeurs, le mercredi 16 septembre. 18h30 : initiation et accueil des nouveaux.19h30 : r\u00e9union d&#039;information ouverte \u00e0 tous\" \/>\n\t\t<script type=\"application\/ld+json\" class=\"aioseo-schema\">\n\t\t\t{\"@context\":\"https:\\\/\\\/schema.org\",\"@graph\":[{\"@type\":\"BlogPosting\",\"@id\":\"https:\\\/\\\/tango-de-la-bahia.fr\\\/index.php\\\/2026\\\/09\\\/01\\\/programme-de-rentree\\\/#blogposting\",\"name\":\"Programme de rentr\\u00e9e -\",\"headline\":\"Programme de rentr\\u00e9e\",\"author\":{\"@id\":\"https:\\\/\\\/tango-de-la-bahia.fr\\\/index.php\\\/author\\\/admin9900\\\/#author\"},\"publisher\":{\"@id\":\"https:\\\/\\\/tango-de-la-bahia.fr\\\/#organization\"},\"image\":{\"@type\":\"ImageObject\",\"url\":\"https:\\\/\\\/tango-de-la-bahia.fr\\\/wp-content\\\/uploads\\\/2026\\\/09\\\/WhatsApp-Image-2026-09-01-at-12.15.15-819x1024.jpeg\",\"@id\":\"https:\\\/\\\/tango-de-la-bahia.fr\\\/index.php\\\/2026\\\/09\\\/01\\\/programme-de-rentree\\\/#articleImage\"},\"datePublished\":\"2026-09-01T18:17:10+02:00\",\"dateModified\":\"2026-09-01T18:27:44+02:00\",\"inLanguage\":\"fr-FR\",\"mainEntityOfPage\":{\"@id\":\"https:\\\/\\\/tango-de-la-bahia.fr\\\/index.php\\\/2026\\\/09\\\/01\\\/programme-de-rentree\\\/#webpage\"},\"isPartOf\":{\"@id\":\"https:\\\/\\\/tango-de-la-bahia.fr\\\/index.php\\\/2026\\\/09\\\/01\\\/programme-de-rentree\\\/#webpage\"},\"articleSection\":\"Non class\\u00e9\"},{\"@type\":\"BreadcrumbList\",\"@id\":\"https:\\\/\\\/tango-de-la-bahia.fr\\\/index.php\\\/2026\\\/09\\\/01\\\/programme-de-rentree\\\/#breadcrumblist\",\"itemListElement\":[{\"@type\":\"ListItem\",\"@id\":\"https:\\\/\\\/tango-de-la-bahia.fr#listItem\",\"position\":1,\"name\":\"Domicile\",\"item\":\"https:\\\/\\\/tango-de-la-bahia.fr\",\"nextItem\":{\"@type\":\"ListItem\",\"@id\":\"https:\\\/\\\/tango-de-la-bahia.fr\\\/index.php\\\/category\\\/non-classe\\\/#listItem\",\"name\":\"Non class\\u00e9\"}},{\"@type\":\"ListItem\",\"@id\":\"https:\\\/\\\/tango-de-la-bahia.fr\\\/index.php\\\/category\\\/non-classe\\\/#listItem\",\"position\":2,\"name\":\"Non class\\u00e9\",\"item\":\"https:\\\/\\\/tango-de-la-bahia.fr\\\/index.php\\\/category\\\/non-classe\\\/\",\"nextItem\":{\"@type\":\"ListItem\",\"@id\":\"https:\\\/\\\/tango-de-la-bahia.fr\\\/index.php\\\/2026\\\/09\\\/01\\\/programme-de-rentree\\\/#listItem\",\"name\":\"Programme de rentr\\u00e9e\"},\"previousItem\":{\"@type\":\"ListItem\",\"@id\":\"https:\\\/\\\/tango-de-la-bahia.fr#listItem\",\"name\":\"Domicile\"}},{\"@type\":\"ListItem\",\"@id\":\"https:\\\/\\\/tango-de-la-bahia.fr\\\/index.php\\\/2026\\\/09\\\/01\\\/programme-de-rentree\\\/#listItem\",\"position\":3,\"name\":\"Programme de rentr\\u00e9e\",\"previousItem\":{\"@type\":\"ListItem\",\"@id\":\"https:\\\/\\\/tango-de-la-bahia.fr\\\/index.php\\\/category\\\/non-classe\\\/#listItem\",\"name\":\"Non class\\u00e9\"}}]},{\"@type\":\"Organization\",\"@id\":\"https:\\\/\\\/tango-de-la-bahia.fr\\\/#organization\",\"name\":\"Tango Argentin Saint-Brieuc C\\u00f4tes-d'Armor (22) Bretagne MJC du Plateau 22000\",\"description\":\"Partagez notre passion pour le Tango Argentin \\u00e0 Saint-Brieuc (22)\",\"url\":\"https:\\\/\\\/tango-de-la-bahia.fr\\\/\",\"sameAs\":[\"https:\\\/\\\/www.facebook.com\\\/profile.php?id=100070012813359\"]},{\"@type\":\"Person\",\"@id\":\"https:\\\/\\\/tango-de-la-bahia.fr\\\/index.php\\\/author\\\/admin9900\\\/#author\",\"url\":\"https:\\\/\\\/tango-de-la-bahia.fr\\\/index.php\\\/author\\\/admin9900\\\/\",\"name\":\"Julien\",\"image\":{\"@type\":\"ImageObject\",\"@id\":\"https:\\\/\\\/tango-de-la-bahia.fr\\\/index.php\\\/2026\\\/09\\\/01\\\/programme-de-rentree\\\/#authorImage\",\"url\":\"https:\\\/\\\/secure.gravatar.com\\\/avatar\\\/2efcce5b00ae1ae48edfe2a7b492442aacaebd10905cb541163b1b271ff64a05?s=96&d=mm&r=g\",\"width\":96,\"height\":96,\"caption\":\"Julien\"}},{\"@type\":\"WebPage\",\"@id\":\"https:\\\/\\\/tango-de-la-bahia.fr\\\/index.php\\\/2026\\\/09\\\/01\\\/programme-de-rentree\\\/#webpage\",\"url\":\"https:\\\/\\\/tango-de-la-bahia.fr\\\/index.php\\\/2026\\\/09\\\/01\\\/programme-de-rentree\\\/\",\"name\":\"Programme de rentr\\u00e9e -\",\"description\":\"En cette rentr\\u00e9e 2026, c'est un superbe programme tango vous attend \\u00e0 Saint-brieuc, avec : \\ud83d\\udc60 La reprise des pratiques les lundis et vendredis \\u00e0 partir du 14 septembre au Dojo \\ud83d\\udc60 D\\u00e9but des cours avec les r\\u00e9p\\u00e9titeurs, le mercredi 16 septembre. 18h30 : initiation et accueil des nouveaux.19h30 : r\\u00e9union d'information ouverte \\u00e0 tous\",\"inLanguage\":\"fr-FR\",\"isPartOf\":{\"@id\":\"https:\\\/\\\/tango-de-la-bahia.fr\\\/#website\"},\"breadcrumb\":{\"@id\":\"https:\\\/\\\/tango-de-la-bahia.fr\\\/index.php\\\/2026\\\/09\\\/01\\\/programme-de-rentree\\\/#breadcrumblist\"},\"author\":{\"@id\":\"https:\\\/\\\/tango-de-la-bahia.fr\\\/index.php\\\/author\\\/admin9900\\\/#author\"},\"creator\":{\"@id\":\"https:\\\/\\\/tango-de-la-bahia.fr\\\/index.php\\\/author\\\/admin9900\\\/#author\"},\"datePublished\":\"2026-09-01T18:17:10+02:00\",\"dateModified\":\"2026-09-01T18:27:44+02:00\"},{\"@type\":\"WebSite\",\"@id\":\"https:\\\/\\\/tango-de-la-bahia.fr\\\/#website\",\"url\":\"https:\\\/\\\/tango-de-la-bahia.fr\\\/\",\"description\":\"Partagez notre passion pour le Tango Argentin \\u00e0 Saint-Brieuc (22)\",\"inLanguage\":\"fr-FR\",\"publisher\":{\"@id\":\"https:\\\/\\\/tango-de-la-bahia.fr\\\/#organization\"}}]}\n\t\t<\/script>\n\t\t<!-- All in One SEO -->\n\n","aioseo_head_json":{"title":"Programme de rentr\u00e9e -","description":"En cette rentr\u00e9e 2026, c'est un superbe programme tango vous attend \u00e0 Saint-brieuc, avec : \ud83d\udc60 La reprise des pratiques les lundis et vendredis \u00e0 partir du 14 septembre au Dojo \ud83d\udc60 D\u00e9but des cours avec les r\u00e9p\u00e9titeurs, le mercredi 16 septembre. 18h30 : initiation et accueil des nouveaux.19h30 : r\u00e9union d'information ouverte \u00e0 tous","canonical_url":"https:\/\/tango-de-la-bahia.fr\/index.php\/2026\/09\/01\/programme-de-rentree\/","robots":"max-image-preview:large","keywords":"","webmasterTools":{"google-site-verification":"wqf6945MuEiaARhv0MDJx7Qln1oCK5zCiagpIRqG7GY","miscellaneous":""},"schema":{"@context":"https:\/\/schema.org","@graph":[{"@type":"BlogPosting","@id":"https:\/\/tango-de-la-bahia.fr\/index.php\/2026\/09\/01\/programme-de-rentree\/#blogposting","name":"Programme de rentr\u00e9e -","headline":"Programme de rentr\u00e9e","author":{"@id":"https:\/\/tango-de-la-bahia.fr\/index.php\/author\/admin9900\/#author"},"publisher":{"@id":"https:\/\/tango-de-la-bahia.fr\/#organization"},"image":{"@type":"ImageObject","url":"https:\/\/tango-de-la-bahia.fr\/wp-content\/uploads\/2026\/09\/WhatsApp-Image-2026-09-01-at-12.15.15-819x1024.jpeg","@id":"https:\/\/tango-de-la-bahia.fr\/index.php\/2026\/09\/01\/programme-de-rentree\/#articleImage"},"datePublished":"2026-09-01T18:17:10+02:00","dateModified":"2026-09-01T18:27:44+02:00","inLanguage":"fr-FR","mainEntityOfPage":{"@id":"https:\/\/tango-de-la-bahia.fr\/index.php\/2026\/09\/01\/programme-de-rentree\/#webpage"},"isPartOf":{"@id":"https:\/\/tango-de-la-bahia.fr\/index.php\/2026\/09\/01\/programme-de-rentree\/#webpage"},"articleSection":"Non class\u00e9"},{"@type":"BreadcrumbList","@id":"https:\/\/tango-de-la-bahia.fr\/index.php\/2026\/09\/01\/programme-de-rentree\/#breadcrumblist","itemListElement":[{"@type":"ListItem","@id":"https:\/\/tango-de-la-bahia.fr#listItem","position":1,"name":"Domicile","item":"https:\/\/tango-de-la-bahia.fr","nextItem":{"@type":"ListItem","@id":"https:\/\/tango-de-la-bahia.fr\/index.php\/category\/non-classe\/#listItem","name":"Non class\u00e9"}},{"@type":"ListItem","@id":"https:\/\/tango-de-la-bahia.fr\/index.php\/category\/non-classe\/#listItem","position":2,"name":"Non class\u00e9","item":"https:\/\/tango-de-la-bahia.fr\/index.php\/category\/non-classe\/","nextItem":{"@type":"ListItem","@id":"https:\/\/tango-de-la-bahia.fr\/index.php\/2026\/09\/01\/programme-de-rentree\/#listItem","name":"Programme de rentr\u00e9e"},"previousItem":{"@type":"ListItem","@id":"https:\/\/tango-de-la-bahia.fr#listItem","name":"Domicile"}},{"@type":"ListItem","@id":"https:\/\/tango-de-la-bahia.fr\/index.php\/2026\/09\/01\/programme-de-rentree\/#listItem","position":3,"name":"Programme de rentr\u00e9e","previousItem":{"@type":"ListItem","@id":"https:\/\/tango-de-la-bahia.fr\/index.php\/category\/non-classe\/#listItem","name":"Non class\u00e9"}}]},{"@type":"Organization","@id":"https:\/\/tango-de-la-bahia.fr\/#organization","name":"Tango Argentin Saint-Brieuc C\u00f4tes-d'Armor (22) Bretagne MJC du Plateau 22000","description":"Partagez notre passion pour le Tango Argentin \u00e0 Saint-Brieuc (22)","url":"https:\/\/tango-de-la-bahia.fr\/","sameAs":["https:\/\/www.facebook.com\/profile.php?id=100070012813359"]},{"@type":"Person","@id":"https:\/\/tango-de-la-bahia.fr\/index.php\/author\/admin9900\/#author","url":"https:\/\/tango-de-la-bahia.fr\/index.php\/author\/admin9900\/","name":"Julien","image":{"@type":"ImageObject","@id":"https:\/\/tango-de-la-bahia.fr\/index.php\/2026\/09\/01\/programme-de-rentree\/#authorImage","url":"https:\/\/secure.gravatar.com\/avatar\/2efcce5b00ae1ae48edfe2a7b492442aacaebd10905cb541163b1b271ff64a05?s=96&d=mm&r=g","width":96,"height":96,"caption":"Julien"}},{"@type":"WebPage","@id":"https:\/\/tango-de-la-bahia.fr\/index.php\/2026\/09\/01\/programme-de-rentree\/#webpage","url":"https:\/\/tango-de-la-bahia.fr\/index.php\/2026\/09\/01\/programme-de-rentree\/","name":"Programme de rentr\u00e9e -","description":"En cette rentr\u00e9e 2026, c'est un superbe programme tango vous attend \u00e0 Saint-brieuc, avec : \ud83d\udc60 La reprise des pratiques les lundis et vendredis \u00e0 partir du 14 septembre au Dojo \ud83d\udc60 D\u00e9but des cours avec les r\u00e9p\u00e9titeurs, le mercredi 16 septembre. 18h30 : initiation et accueil des nouveaux.19h30 : r\u00e9union d'information ouverte \u00e0 tous","inLanguage":"fr-FR","isPartOf":{"@id":"https:\/\/tango-de-la-bahia.fr\/#website"},"breadcrumb":{"@id":"https:\/\/tango-de-la-bahia.fr\/index.php\/2026\/09\/01\/programme-de-rentree\/#breadcrumblist"},"author":{"@id":"https:\/\/tango-de-la-bahia.fr\/index.php\/author\/admin9900\/#author"},"creator":{"@id":"https:\/\/tango-de-la-bahia.fr\/index.php\/author\/admin9900\/#author"},"datePublished":"2026-09-01T18:17:10+02:00","dateModified":"2026-09-01T18:27:44+02:00"},{"@type":"WebSite","@id":"https:\/\/tango-de-la-bahia.fr\/#website","url":"https:\/\/tango-de-la-bahia.fr\/","description":"Partagez notre passion pour le Tango Argentin \u00e0 Saint-Brieuc (22)","inLanguage":"fr-FR","publisher":{"@id":"https:\/\/tango-de-la-bahia.fr\/#organization"}}]},"og:locale":"fr_FR","og:site_name":"- Partagez notre passion pour le Tango Argentin \u00e0 Saint-Brieuc (22)","og:type":"article","og:title":"Programme de rentr\u00e9e -","og:description":"En cette rentr\u00e9e 2026, c'est un superbe programme tango vous attend \u00e0 Saint-brieuc, avec : \ud83d\udc60 La reprise des pratiques les lundis et vendredis \u00e0 partir du 14 septembre au Dojo \ud83d\udc60 D\u00e9but des cours avec les r\u00e9p\u00e9titeurs, le mercredi 16 septembre. 18h30 : initiation et accueil des nouveaux.19h30 : r\u00e9union d'information ouverte \u00e0 tous","og:url":"https:\/\/tango-de-la-bahia.fr\/index.php\/2026\/09\/01\/programme-de-rentree\/","article:published_time":"2026-09-01T16:17:10+00:00","article:modified_time":"2026-09-01T16:27:44+00:00","article:publisher":"https:\/\/www.facebook.com\/profile.php?id=100070012813359","twitter:card":"summary_large_image","twitter:title":"Programme de rentr\u00e9e -","twitter:description":"En cette rentr\u00e9e 2026, c'est un superbe programme tango vous attend \u00e0 Saint-brieuc, avec : \ud83d\udc60 La reprise des pratiques les lundis et vendredis \u00e0 partir du 14 septembre au Dojo \ud83d\udc60 D\u00e9but des cours avec les r\u00e9p\u00e9titeurs, le mercredi 16 septembre. 18h30 : initiation et accueil des nouveaux.19h30 : r\u00e9union d'information ouverte \u00e0 tous"},"aioseo_meta_data":{"post_id":"489","title":null,"description":null,"keywords":null,"keyphrases":{"focus":{"keyphrase":"","score":0,"analysis":{"keyphraseInTitle":{"score":0,"maxScore":9,"error":1}}},"additional":[]},"primary_term":null,"canonical_url":null,"og_title":null,"og_description":null,"og_object_type":"default","og_image_type":"default","og_image_url":null,"og_image_width":null,"og_image_height":null,"og_image_custom_url":null,"og_image_custom_fields":null,"og_video":"","og_custom_url":null,"og_article_section":null,"og_article_tags":null,"twitter_use_og":false,"twitter_card":"default","twitter_image_type":"default","twitter_image_url":null,"twitter_image_custom_url":null,"twitter_image_custom_fields":null,"twitter_title":null,"twitter_description":null,"schema":{"blockGraphs":[],"customGraphs":[],"default":{"data":{"Article":[],"Course":[],"Dataset":[],"FAQPage":[],"Movie":[],"Person":[],"Product":[],"ProductReview":[],"Car":[],"Recipe":[],"Service":[],"SoftwareApplication":[],"WebPage":[]},"graphName":"BlogPosting","isEnabled":true},"graphs":[]},"schema_type":"default","schema_type_options":null,"pillar_content":false,"robots_default":true,"robots_noindex":false,"robots_noarchive":false,"robots_nosnippet":false,"robots_nofollow":false,"robots_noimageindex":false,"robots_noodp":false,"robots_notranslate":false,"robots_max_snippet":"-1","robots_max_videopreview":"-1","robots_max_imagepreview":"large","priority":null,"frequency":"default","local_seo":null,"breadcrumb_settings":null,"limit_modified_date":false,"ai":{"faqs":[],"keyPoints":[],"schemas":[],"titles":[],"descriptions":[],"socialPosts":{"email":{"subject":"","preview":"","content":""},"linkedin":[],"twitter":[],"facebook":[],"instagram":[]}},"created":"2026-09-01 16:17:11","updated":"2026-09-01 16:27:44","seo_analyzer_scan_date":null},"aioseo_breadcrumb":"<div class=\"aioseo-breadcrumbs\"><span class=\"aioseo-breadcrumb\">\n\t\t\t<a href=\"https:\/\/tango-de-la-bahia.fr\" title=\"Domicile\">Domicile<\/a>\n\t\t<\/span><span class=\"aioseo-breadcrumb-separator\">&raquo;<\/span><span class=\"aioseo-breadcrumb\">\n\t\t\t<a href=\"https:\/\/tango-de-la-bahia.fr\/index.php\/category\/non-classe\/\" title=\"Non class\u00e9\">Non class\u00e9<\/a>\n\t\t<\/span><span class=\"aioseo-breadcrumb-separator\">&raquo;<\/span><span class=\"aioseo-breadcrumb\">\n\t\t\tProgramme de rentr\u00e9e\n\t\t<\/span><\/div>","aioseo_breadcrumb_json":[{"label":"Domicile","link":"https:\/\/tango-de-la-bahia.fr"},{"label":"Non class\u00e9","link":"https:\/\/tango-de-la-bahia.fr\/index.php\/category\/non-classe\/"},{"label":"Programme de rentr\u00e9e","link":"https:\/\/tango-de-la-bahia.fr\/index.php\/2026\/09\/01\/programme-de-rentree\/"}],"_links":{"self":[{"href":"https:\/\/tango-de-la-bahia.fr\/index.php\/wp-json\/wp\/v2\/posts\/489","targetHints":{"allow":["GET"]}}],"collection":[{"href":"https:\/\/tango-de-la-bahia.fr\/index.php\/wp-json\/wp\/v2\/posts"}],"about":[{"href":"https:\/\/tango-de-la-bahia.fr\/index.php\/wp-json\/wp\/v2\/types\/post"}],"author":[{"embeddable":true,"href":"https:\/\/tango-de-la-bahia.fr\/index.php\/wp-json\/wp\/v2\/users\/1"}],"replies":[{"embeddable":true,"href":"https:\/\/tango-de-la-bahia.fr\/index.php\/wp-json\/wp\/v2\/comments?post=489"}],"version-history":[{"count":4,"href":"https:\/\/tango-de-la-bahia.fr\/index.php\/wp-json\/wp\/v2\/posts\/489\/revisions"}],"predecessor-version":[{"id":495,"href":"https:\/\/tango-de-la-bahia.fr\/index.php\/wp-json\/wp\/v2\/posts\/489\/revisions\/495"}],"wp:attachment":[{"href":"https:\/\/tango-de-la-bahia.fr\/index.php\/wp-json\/wp\/v2\/media?parent=489"}],"wp:term":[{"taxonomy":"category","embeddable":true,"href":"https:\/\/tango-de-la-bahia.fr\/index.php\/wp-json\/wp\/v2\/categories?post=489"},{"taxonomy":"post_tag","embeddable":true,"href":"https:\/\/tango-de-la-bahia.fr\/index.php\/wp-json\/wp\/v2\/tags?post=489"}],"curies":[{"name":"wp","href":"https:\/\/api.w.org\/{rel}","templated":true}]}}